{"id":20892,"date":"2026-04-24T16:13:57","date_gmt":"2026-04-24T16:13:57","guid":{"rendered":"https:\/\/pinekr.com\/?p=20892"},"modified":"2026-04-24T16:13:57","modified_gmt":"2026-04-24T16:13:57","slug":"antonio-nobrega-e-orquestra-sinfonica-do-recife-5","status":"publish","type":"post","link":"https:\/\/pinekr.com\/ar\/antonio-nobrega-e-orquestra-sinfonica-do-recife-5\/","title":{"rendered":"Antonio N\u00f3brega e Orquestra Sinf\u00f4nica do Recife abrem Ciclo Natalino, no Dona Lindu"},"content":{"rendered":"<div id=\"toc\" style=\"background: #f9f9f9;border: 1px solid #aaa;display: table;margin-bottom: 1em;padding: 1em;width: 350px;\">\n<p class=\"toctitle\" style=\"font-weight: 700;text-align: center;\">Content<\/p>\n<ul class=\"toc_list\">\n<li><a href=\"#toc-2\">Parque Municipal Pedra do Navio<\/a><\/li>\n<li><a href=\"#toc-3\">Fa\u00e7a login ou crie uma conta para salvar localiza\u00e7\u00f5es<\/a><\/li>\n<li><a href=\"#toc-4\">Avalia\u00e7\u00e3o de Parque Dona Lindu<\/a><\/li>\n<li><a href=\"#toc-5\">Programa\u00e7\u00e3o infantil do Carnaval do Recife 2026 ter\u00e1 sete polos e atra\u00e7\u00f5es como Turma do Bita e Pato Fu<\/a><\/li>\n<\/ul>\n<\/div>\n<p>\u00c9 simplesmente uma verdadeira obra de arte. Continua ap\u00f3s a publicidade Normalmente, n\u00e3o s\u00e3o acionados carros de pol\u00edcia para cobrir a regi\u00e3o. Depois do tumulto, equipes de <a href=\"https:\/\/www.parquedonalindu.com\/\">parque dona lindu<\/a> tr\u00eas viaturas da PM foram acionadas para refor\u00e7ar o policiamento no entorno do parque. Viajar com a praticidade de n\u00e3o sair de casa pra reservar, sem pegar filas e fazendo tudo pelo app. Dessa forma, o evento n\u00e3o apenas movimenta a economia criativa da cidade, mas tamb\u00e9m fortalece o sentimento de pertencimento e valoriza\u00e7\u00e3o da arte pernambucana.<\/p>\n<p>Para remover uma cidade, selecione o \u00edcone da lixeira. Conta tamb\u00e9m com teatro, pavilh\u00e3o para exposi\u00e7\u00f5es, restaurante, sanit\u00e1rios, frald\u00e1rio e central t\u00e9cnica. A \u00fanica exce\u00e7\u00e3o \u00e9 o teatro, cujo acesso tem um custo de 50,00 reais, mas mesmo assim, o Parque Dona Lindu \u00e9 uma excelente op\u00e7\u00e3o para uma divers\u00e3o garantida\u00a0e\u00a0acess\u00edvel. Tamb\u00e9m \u00e9 um local popular para fotografia, especialmente durante a primavera e o ver\u00e3o.<\/p>\n<p>Ap\u00f3s o projeto original sofrer modifica\u00e7\u00f5es pelo autor, o desagrado de uma parcela da popula\u00e7\u00e3o permaneceu inc\u00f3lume, enquanto outra parte se rendeu \u00e0 obra, maior legado de Niemeyer no Estado. Ainda morava num peda\u00e7o de papel e j\u00e1 recebia duras cr\u00edticas do povo pernambucano, sobretudo de moradores de Boa Viagem, que reclamavam que o parque tinha muito concreto e pouco verde. Se Niemeyer \u00e9 aclamado de forma un\u00e2nime como maior arquiteto brasileiro de todos os tempos, o Dona Lindu passa longe da aceita\u00e7\u00e3o geral. Projeto que gerou muita pol\u00eamica \u00e9 a \u00fanica obra do arquiteto na cidade<\/p>\n<h2 id=\"toc-0\">Apartamentos para vender nas Ruas pr\u00f3ximas<\/h2>\n<ul>\n<li>Com o objetivo de fortalecer a ocupa\u00e7\u00e3o dos espa\u00e7os p\u00fablicos e incentivar a economia criativa, a empresa vem desenvolvendo diversas a\u00e7\u00f5es para ampliar as op\u00e7\u00f5es de lazer, cultura e esportes nesses locais.<\/li>\n<li>No entanto, a tentativa de vincular o nome do parque a essa popula\u00e7\u00e3o soou for\u00e7ada e, excetuando-se a escultura do artista Abelardo da Hora, que retrata uma fam\u00edlia de \u201cretirantes\u201d \u2012 como eram chamadas as v\u00edtimas da seca que migravam, n\u00e3o h\u00e1 nada que se possa encontrar que guarde congru\u00eancia entre a(os) homenageada(os) e o ambiente.<\/li>\n<li>Lembre-se de verificar a disponibilidade, pre\u00e7os e outras informa\u00e7\u00f5es relevantes diretamente com as acomoda\u00e7\u00f5es.<\/li>\n<li>A cidade \u00e9 repleta de parques, que s\u00e3o perfeitos para uma manh\u00e3 ou um fim de tarde de lazer, seja primavera, ver\u00e3o, outono ou inverno.<\/li>\n<li>A mesma l\u00f3gica mercantil que prepondera no espa\u00e7o do trabalho, vai preponderar no espa\u00e7o do \u00f3cio.<\/li>\n<\/ul>\n<p>Se voc\u00ea est\u00e1 em Recife e quer se conectar com a natureza sem sair da cidade, essa \u00e9 uma \u00f3tima op\u00e7\u00e3o para um passeio revitalizante. Com essas op\u00e7\u00f5es de trilha, o Parque Dona Lindu se torna um excelente destino para quem busca aproveitar a natureza, praticar atividades f\u00edsicas e explorar o ambiente de forma tranquila e agrad\u00e1vel. As trilhas s\u00e3o bem sinalizadas e proporcionam uma experi\u00eancia tranquila em meio \u00e0 vegeta\u00e7\u00e3o local, com vistas agrad\u00e1veis e a possibilidade de observar a fauna e flora do parque.<\/p>\n<h3 id=\"toc-1\">Pernambuco domina a Maratona de Jo\u00e3o Pessoa e d\u00e1 o tom\u2026<\/h3>\n<p>Para o p\u00fablico infantil, ainda ter\u00e3o as viv\u00eancias \u201cEntre sons e recicl\u00e1veis vivenciando a percuss\u00e3o de ritmos populares\u201d, com Luca Teixeira, \u201cCaboclinho, ancestralidade e ritual no corpo contempor\u00e2neo\u201d, com Iara e \u00cdris Campos, e \u201cDe onde vem esse som? A a\u00e7\u00e3o \u00e9 voltada para m\u00fasicos, professores, profissionais de educa\u00e7\u00e3o e cultura e explora a pr\u00e1tica de constru\u00e7\u00e3o do indiv\u00edduo no contato consigo e com o mundo. O nome do parque foi dado em homenagem a Eur\u00eddice Ferreira de Melo, m\u00e3e do atual presidente Luiz In\u00e1cio Lula da Silva.<\/p>\n<h2 id=\"toc-2\">Parque Municipal Pedra do Navio<\/h2>\n<p>E al\u00e9m de todo o espa\u00e7o de lazer ao ar livre, o Parque Dona Lindu conta com o Teatro Luiz Mendon\u00e7a e a Galeria Janete Costa. Neste artigo trazemos uma lista dos principais parques em Recife, com op\u00e7\u00f5es para todos os gostos. O projeto de Miemeyer contempla, ainda, teatro, pavilh\u00e3o para exposi\u00e7\u00f5es e uma \u00e1rea de alimenta\u00e7\u00e3o. Paulo Em\u00edlio_PE247 &#8211; Famosa por suas pontes , rios e canais, que deram \u00e0 cidade do Recife o t\u00edtulo de \u201cVeneza Brasileira\u201d, a capital pernambucana possui uma das \u00faltimas obras de Oscar Niemeyer, o Parque Dona Lindu.<\/p>\n<h3 id=\"toc-3\">Fa\u00e7a login ou crie uma conta para salvar localiza\u00e7\u00f5es<\/h3>\n<p>A ideia da prefeitura \u00e9 fechar contratos com concession\u00e1rias em 2023. O evento, animado por Josildo S\u00e1, J\u00fanior Siqueira e Charles Matoso, conta com comidas t\u00edpicas, caipirinhas e o tradicional caldinho. &amp;#128205;Pra\u00e7a S\u00e9rgio Loreto &#8211; bairro de S\u00e3o Jos\u00e9, no Centro do Recife Quem for ao evento tamb\u00e9m pode conferir um cortejo junino e uma cidade cenogr\u00e1fica.<\/p>\n<h3 id=\"toc-4\">Avalia\u00e7\u00e3o de Parque Dona Lindu<\/h3>\n<p>Este teatro tem capacidade para 587 lugares na plateia, incluindo seis poltronas para pessoas com baixa mobilidade e dez reservas para cadeirantes. O Parque Dona Lindu \u00e9 um verdadeiro tesouro escondido no bairro de Boa Viagem, na cidade de Recife, Brasil. Com muitas \u00e1reas de piquenique dispon\u00edveis, os visitantes podem desfrutar de uma refei\u00e7\u00e3o ao ar livre enquanto desfrutam da bela vista do parque. Ao chegar ao parque, os visitantes s\u00e3o recebidos por um cen\u00e1rio deslumbrante de verde e \u00e1gua.<\/p>\n<h2 id=\"toc-5\">Programa\u00e7\u00e3o infantil do Carnaval do Recife 2026 ter\u00e1 sete polos e atra\u00e7\u00f5es como Turma do Bita e Pato Fu<\/h2>\n<p>Al\u00e9m do piquenique, o espa\u00e7o \u00e9 perfeito para aquele almo\u00e7o diferente durante a semana tamb\u00e9m. Recentemente, parte da \u00e1rea externa passou por grafitagem no mural e na pista de skate, o que deu ao lugar um ar mais contempor\u00e2neo para os recifenses mais alternativos. A \u00e1rea do parque tamb\u00e9m \u00e9 bastante arborizada, o que o torna perfeito para o piquenique!<\/p>\n<p>\u23f0 Quinta-feira (24), a partir das 16h (abertura do teatro \u00e0s 15h30) \u201cA pra\u00e7a \u00e9 do povo, como o c\u00e9u \u00e9 do condor\u201d, como bem disse o poeta brasileiro Castro Alves. O mesmo cons\u00f3rcio arrematou o conjunto de tr\u00eas parques na zona norte da capital pernambucana pelo valor de R$198,3 mil e o Dona Lindu por R$ 140,6 mil, somando para os cofres municipais R$ 338,9 mil, com juros de at\u00e9 30% em caso de atraso no pagamento. A identidade recifense \u00e9 marcada pelo respeito ao espa\u00e7o p\u00fablico e pela busca constante por inova\u00e7\u00e3o urbana sustent\u00e1vel. A programa\u00e7\u00e3o musical contar\u00e1 com apresenta\u00e7\u00f5es de Jessica Caitano, Clayton Barros e DJ Pepe Jord\u00e3o, sob curadoria de Guilherme Patriota, celebrando a diversidade e a for\u00e7a da cena musical contempor\u00e2nea. A expografia ser\u00e1 organizada em n\u00facleos curatoriais, agrupando artistas por afinidades po\u00e9ticas e pr\u00e1ticas, acompanhados de textos que orientam a circula\u00e7\u00e3o do p\u00fablico e aprofundam a leitura das obras no espa\u00e7o expositivo.<\/p>","protected":false},"excerpt":{"rendered":"<p>Content Parque Municipal Pedra do Navio Fa\u00e7a login ou crie uma conta para salvar localiza\u00e7\u00f5es Avalia\u00e7\u00e3o de Parque Dona Lindu Programa\u00e7\u00e3o infantil do Carnaval do Recife 2026 ter\u00e1 sete polos e atra\u00e7\u00f5es como Turma do Bita e Pato Fu \u00c9 simplesmente uma verdadeira obra de arte. Continua ap\u00f3s a publicidade Normalmente, n\u00e3o s\u00e3o acionados carros&#8230;<\/p>","protected":false},"author":2,"featured_media":0,"comment_status":"open","ping_status":"closed","sticky":false,"template":"","format":"standard","meta":{"footnotes":""},"categories":[562],"tags":[],"class_list":["post-20892","post","type-post","status-publish","format-standard","hentry","category-parquedonalindu-com","item-inner"],"_links":{"self":[{"href":"https:\/\/pinekr.com\/ar\/wp-json\/wp\/v2\/posts\/20892","targetHints":{"allow":["GET"]}}],"collection":[{"href":"https:\/\/pinekr.com\/ar\/wp-json\/wp\/v2\/posts"}],"about":[{"href":"https:\/\/pinekr.com\/ar\/wp-json\/wp\/v2\/types\/post"}],"author":[{"embeddable":true,"href":"https:\/\/pinekr.com\/ar\/wp-json\/wp\/v2\/users\/2"}],"replies":[{"embeddable":true,"href":"https:\/\/pinekr.com\/ar\/wp-json\/wp\/v2\/comments?post=20892"}],"version-history":[{"count":1,"href":"https:\/\/pinekr.com\/ar\/wp-json\/wp\/v2\/posts\/20892\/revisions"}],"predecessor-version":[{"id":21418,"href":"https:\/\/pinekr.com\/ar\/wp-json\/wp\/v2\/posts\/20892\/revisions\/21418"}],"wp:attachment":[{"href":"https:\/\/pinekr.com\/ar\/wp-json\/wp\/v2\/media?parent=20892"}],"wp:term":[{"taxonomy":"category","embeddable":true,"href":"https:\/\/pinekr.com\/ar\/wp-json\/wp\/v2\/categories?post=20892"},{"taxonomy":"post_tag","embeddable":true,"href":"https:\/\/pinekr.com\/ar\/wp-json\/wp\/v2\/tags?post=20892"}],"curies":[{"name":"wp","href":"https:\/\/api.w.org\/{rel}","templated":true}]}}