{"id":20893,"date":"2026-04-24T20:59:34","date_gmt":"2026-04-24T20:59:34","guid":{"rendered":"https:\/\/pinekr.com\/?p=20893"},"modified":"2026-04-24T20:59:34","modified_gmt":"2026-04-24T20:59:34","slug":"programacao-do-carnaval-do-recife-e-olinda-2","status":"publish","type":"post","link":"https:\/\/pinekr.com\/ar\/programacao-do-carnaval-do-recife-e-olinda-2\/","title":{"rendered":"Programa\u00e7\u00e3o do Carnaval do Recife e Olinda"},"content":{"rendered":"<div id=\"toc\" style=\"background: #f9f9f9;border: 1px solid #aaa;display: table;margin-bottom: 1em;padding: 1em;width: 350px;\">\n<p class=\"toctitle\" style=\"font-weight: 700;text-align: center;\">Content<\/p>\n<ul class=\"toc_list\">\n<li><a href=\"#toc-0\">Quais servi\u00e7os p\u00fablicos garantem o suporte ao morador local?<\/a><\/li>\n<li><a href=\"#toc-2\">Empresas v\u00e3o poder explorar parques comercialmente pelos pr\u00f3ximos 30 anos.<\/a><\/li>\n<li><a href=\"#toc-4\">Academy City &#8211; Cashew &#8211; Park in Recife, Brazil<\/a><\/li>\n<\/ul>\n<\/div>\n<p>Paulo Em\u00edlio_PE247 \u2013 Famosa por suas pontes , rios e canais, que deram \u00e0 cidade do Recife o t\u00edtulo de \u201cVeneza Brasileira\u201d, a capital pernambucana possui uma das \u00faltimas obras de Oscar Niemeyer, o Parque Dona Lindu. Ap\u00f3s sua estreia digital em 2020, o evento traz programa\u00e7\u00e3o presencial no Parque Dona Lindu, na Universidade Cat\u00f3lica de Pernambuco e em escolas do Recife, de 29 de agosto a 3 de setembro. Na proposta inicial o Parque da Macaxeira era um dos quatro parques, mas foi substitu\u00eddo pelo Parque de Apipucos.<\/p>\n<h2 id=\"toc-0\">Quais servi\u00e7os p\u00fablicos garantem o suporte ao morador local?<\/h2>\n<p>Al\u00e9m disso, o Parque Urbano da Macaxeira tem parques infantis, anfiteatro, banheiros p\u00fablicos e pra\u00e7a de alimenta\u00e7\u00e3o. Na \u00e9poca em que o projeto foi divulgado e as obras iniciadas, muitos recifenses protestaram alegando que o Parque Dona Lindu \u201cera um bloco de concreto que n\u00e3o contemplava espa\u00e7o para \u00e1rea verde\u201d e que \u201cparecia tudo, menos uma obra de Niemeyer. As crian\u00e7as ter\u00e3o um parque infl\u00e1vel, espa\u00e7o para fotos, jogos, brincadeiras e outras atra\u00e7\u00f5es. Para mais informa\u00e7\u00f5es sobre ingressos para eventos espec\u00edficos, \u00e9 recomend\u00e1vel consultar o site oficial do parque ou entrar em contato com a administra\u00e7\u00e3o para verificar a programa\u00e7\u00e3o atualizada.<\/p>\n<ul>\n<li>O Parque Dona Lindu oferece diversas atividades e atra\u00e7\u00f5es para quem busca lazer, cultura e contato com a natureza, sendo uma excelente op\u00e7\u00e3o tanto para moradores quanto para turistas.<\/li>\n<li>O parque da Jaqueira, por exemplo, com mais de 71 mil metros quadrados, tem potencial de oferecer programa\u00e7\u00e3o para as fam\u00edlias e turistas.<\/li>\n<li>Um parque cultural a ser constru\u00eddo no cobi\u00e7ado terreno.<\/li>\n<li>E no s\u00e1bado, Lula voltar\u00e1 \u00e0 Bras\u00edlia Teimosa, a partir das 10h.A passagem do ex-presidente pela capital pernambucana, nos dias 24 e 25 de agosto, faz parte do projeto Lula Pelo Brasil, que tem como objetivo conferir a realidade brasileira no contexto das grandes transforma\u00e7\u00f5es pelas quais o Pa\u00eds passou nos governos do PT.Por 13 dias, Dona Lindu e a fam\u00edlia atravessam o Pa\u00eds em um caminh\u00e3o de pau-de-arara, rumo ao \u2018Sul Maravilha\u2019.<\/li>\n<\/ul>\n<p>No ex\u00edlio, ap\u00f3s o golpe de 64, Niemeyer e o ex-governador de Pernambuco, Miguel Arraes, serviram como uma esp\u00e9cie de elo de liga\u00e7\u00e3o entre os exilados e fugitivos da ditadura, fornecendo abrigo, arrumando trabalho e, sobretudo, repassando informa\u00e7\u00f5es sempre que poss\u00edvel. O parque foi projetado pelo famoso arquiteto Oscar Niemeyer e inaugurado em 2011. O nome dado ao parque \u00e9 uma homenagem a Eur\u00eddice Ferreira de Melo, m\u00e3e do ex-presidente do Brasil, Lu\u00eds In\u00e1cio Lula da Silva.<\/p>\n<h3 id=\"toc-1\">Veja o projeto<\/h3>\n<p>Gostou de descobrir os melhores parques de Recife? O parque oferece, para grupos de 10 a 30 pessoas, a op\u00e7\u00e3o de visitas com acompanhamento de monitor, que devem ser agendadas pelo email A 40 minutos de carro do Centro da cidade, o Jardim Bot\u00e2nico de Recife \u00e9 um espa\u00e7o p\u00fablico municipal vinculado \u00e0 Secretaria de Meio Ambiente e Sustentabilidade.<\/p>\n<p>Sua constru\u00e7\u00e3o foi resultado de um esfor\u00e7o conjunto entre o governo estadual e a prefeitura da cidade, buscando oferecer \u00e0 comunidade um espa\u00e7o com infraestrutura de qualidade para atividades culturais, esportivas e de lazer. Al\u00e9m disso, o parque conta com teatro, onde s\u00e3o realizadas apresenta\u00e7\u00f5es de dan\u00e7a e m\u00fasica, e espa\u00e7os para eventos. A Prefeitura anunciou, na manh\u00e3 desta quinta-feira (22), a amplia\u00e7\u00e3o da programa\u00e7\u00e3o infantil e a cria\u00e7\u00e3o de sete polos dedicados \u00e0s fam\u00edlias, com atividades distribu\u00eddas por diferentes \u00e1reas da cidade entre os dias 15 e 17 de fevereiro. As apresenta\u00e7\u00f5es s\u00e3o gratuitas e marcam o in\u00edcio das atividades do Ecossistema Musical do Banco do Nordeste Cultural no Recife, reafirmando seu papel na valoriza\u00e7\u00e3o da produ\u00e7\u00e3o art\u00edstica nordestina e promovendo o encontro entre artes visuais, m\u00fasica e p\u00fablico em um dos principais espa\u00e7os culturais da cidade. O projeto da administra\u00e7\u00e3o municipal \u00e9 repassar para a iniciativa privada os parques da Jaqueira, Santana e Macaxeira, na Zona Norte, e o Dona Lindu, na Zona Sul. O plano de concess\u00e3o de quatro parques urbanos do Recife para a iniciativa privada pode contar com sugest\u00f5es dos moradores.<\/p>\n<h3 id=\"toc-2\">Empresas v\u00e3o poder explorar parques comercialmente pelos pr\u00f3ximos 30 anos.<\/h3>\n<p>O bandolinista Marcos C\u00e9sar se junta a N\u00f3brega para interpreta\u00e7\u00e3o do \u201cPrimeiro Movimento do Concerto R\u00e9 Menor\u201d, de Bach, originalmente composto para violinos, mas adaptado para bandolins nesta apresenta\u00e7\u00e3o. Natal nordestinoO repert\u00f3rio contemplou obras de N\u00f3brega e composi\u00e7\u00f5es criadas em parceria com Wilson Freire e Br\u00e1ulio Tavares, al\u00e9m de Cl\u00e1ssicos de Capiba (&quot;Serenata Suburbana&quot;) \u00a0e de Villa-Lobos (&quot;Trenzinho Caipira&quot;), em vers\u00e3o cantada e cirandeira&quot; \u00c9 bai\u00e3o, \u00e9 frevo, \u00e9 Ciranda\u2026 algo muito nosso e Ant\u00f3nio Nobrega, por mais que seja \u00a0um artista nacional, ele \u00e9 nosso, \u00e9 de Recife.<\/p>\n<h2 id=\"toc-3\">Novo est\u00e1dio do Santos FC: arquiteto respons\u00e1vel conta detalhes sobre o projeto da arena<\/h2>\n<p>\u201cEu entendo quando a gest\u00e3o coloca que est\u00e1 sem recurso e que precisa otimizar isso para trazer melhores servi\u00e7os para a cidade. Mas a explora\u00e7\u00e3o publicit\u00e1ria deve vir com tudo em breve. Em 2017, a segunda unidade foi inaugurada na Pra\u00e7a Souto Filho, no bairro da Jaqueira.<\/p>\n<p>A prefeitura disse que o Recife \u00e9 a primeira cidade selecionada pelo Banco Nacional de Desenvolvimento Econ\u00f4mico e Social (BNDES) para participar do programa de concess\u00e3o de parques. Segundo a programa\u00e7\u00e3o, o Centro de Forma\u00e7\u00e3o do Servidor P\u00fablico do Estado de Pernambuco (Cefospe), no bairro da Boa Vista, encerrar\u00e1 suas atividades no dia 30 de abril. Adoro o verde do parque dona lindum um lugar de f\u00e1cil acesso e bom para levar as crian\u00e7as, marido e se divertir a be\u00e7a. O espa\u00e7o conta com ciclovia, pistas para cooper e skate, quadra poliesportiva, playground, \u00e1reas para descanso e gin\u00e1stica, al\u00e9m de teatro, pavilh\u00e3o para exposi\u00e7\u00f5es e restaurante.<\/p>\n<h3 id=\"toc-4\">Academy City &#8211; Cashew &#8211; Park in Recife, Brazil<\/h3>\n<p>A maior cr\u00edtica feita ao Parque Dona Lindu recai sobre a falta de \u00e1rea verde, que seria ofuscada pelas constru\u00e7\u00f5es, sobretudo o Teatro Luiz Mendon\u00e7a. Mesmo muito atarefado e com a idade avan\u00e7ada, se prontificou a fazer o projeto. A escolha de Niemeyer como idealizador do projeto partiu do ent\u00e3o prefeito Jo\u00e3o Paulo (PT).<\/p>\n<p>A corrida celebra esse marco de crescimento com um evento que une esporte, sa\u00fade e integra\u00e7\u00e3o social, reunindo milhares de pessoas no cen\u00e1rio vibrante de Boa Viagem. Organizada pelo Novo Atacarejo, a prova promete abrir o calend\u00e1rio de corridas de rua do estado com estrutura refor\u00e7ada, percursos <a href=\"https:\/\/www.parquedonalindu.com\/\">https:\/\/www.parquedonalindu.com\/<\/a> de 5, 10 e 15 km e um dos kits mais desejados entre os corredores. No mesmo dia 4 de fevereiro, uma noite especial de shows musicais est\u00e1 programada para acontecer no palco externo, virado para a esplanada e aberto ao p\u00fablico, do Parque Dona Lindu. A exposi\u00e7\u00e3o \u201cToda vez que dou um passo o Mundo sai do Lugar\u201d, realizada pelo Banco do Nordeste (BNB) em parceria com a Viva do Brasil, come\u00e7a no dia 4 de fevereiro e vai at\u00e9 o dia 27 de abril.<\/p>","protected":false},"excerpt":{"rendered":"<p>Content Quais servi\u00e7os p\u00fablicos garantem o suporte ao morador local? Empresas v\u00e3o poder explorar parques comercialmente pelos pr\u00f3ximos 30 anos. Academy City &#8211; Cashew &#8211; Park in Recife, Brazil Paulo Em\u00edlio_PE247 \u2013 Famosa por suas pontes , rios e canais, que deram \u00e0 cidade do Recife o t\u00edtulo de \u201cVeneza Brasileira\u201d, a capital pernambucana possui&#8230;<\/p>","protected":false},"author":2,"featured_media":0,"comment_status":"open","ping_status":"closed","sticky":false,"template":"","format":"standard","meta":{"footnotes":""},"categories":[562],"tags":[],"class_list":["post-20893","post","type-post","status-publish","format-standard","hentry","category-parquedonalindu-com","item-inner"],"_links":{"self":[{"href":"https:\/\/pinekr.com\/ar\/wp-json\/wp\/v2\/posts\/20893","targetHints":{"allow":["GET"]}}],"collection":[{"href":"https:\/\/pinekr.com\/ar\/wp-json\/wp\/v2\/posts"}],"about":[{"href":"https:\/\/pinekr.com\/ar\/wp-json\/wp\/v2\/types\/post"}],"author":[{"embeddable":true,"href":"https:\/\/pinekr.com\/ar\/wp-json\/wp\/v2\/users\/2"}],"replies":[{"embeddable":true,"href":"https:\/\/pinekr.com\/ar\/wp-json\/wp\/v2\/comments?post=20893"}],"version-history":[{"count":1,"href":"https:\/\/pinekr.com\/ar\/wp-json\/wp\/v2\/posts\/20893\/revisions"}],"predecessor-version":[{"id":21426,"href":"https:\/\/pinekr.com\/ar\/wp-json\/wp\/v2\/posts\/20893\/revisions\/21426"}],"wp:attachment":[{"href":"https:\/\/pinekr.com\/ar\/wp-json\/wp\/v2\/media?parent=20893"}],"wp:term":[{"taxonomy":"category","embeddable":true,"href":"https:\/\/pinekr.com\/ar\/wp-json\/wp\/v2\/categories?post=20893"},{"taxonomy":"post_tag","embeddable":true,"href":"https:\/\/pinekr.com\/ar\/wp-json\/wp\/v2\/tags?post=20893"}],"curies":[{"name":"wp","href":"https:\/\/api.w.org\/{rel}","templated":true}]}}